{"id":1052,"date":"2019-01-25T09:25:25","date_gmt":"2019-01-25T08:25:25","guid":{"rendered":"https:\/\/dufitoon.at\/wordpress\/?p=1052"},"modified":"2019-03-02T22:47:16","modified_gmt":"2019-03-02T21:47:16","slug":"der-fuehrer-durch-den-tuerkis-blauen-fasching","status":"publish","type":"post","link":"https:\/\/dufitoon.at\/wordpress\/2019\/01\/der-fuehrer-durch-den-tuerkis-blauen-fasching\/","title":{"rendered":"Der F\u00fchrer durch den t\u00fcrkis-blauen Fasching"},"content":{"rendered":"<h3><a href=\"https:\/\/dufitoon.at\/wordpress\/wp-content\/uploads\/2019\/01\/buch_kickl_faschingsf\u00fchrer_2019.png\"><u><\/u><img loading=\"lazy\" decoding=\"async\" class=\"alignright wp-image-1053 size-medium\" src=\"https:\/\/dufitoon.at\/wordpress\/wp-content\/uploads\/2019\/01\/buch_kickl_faschingsf\u00fchrer_2019-190x300.png\" alt=\"Der F\u00fchrer durch den t\u00fcrkis-blauen Fasching\" width=\"190\" height=\"300\" srcset=\"https:\/\/dufitoon.at\/wordpress\/wp-content\/uploads\/2019\/01\/buch_kickl_faschingsf\u00fchrer_2019-190x300.png 190w, https:\/\/dufitoon.at\/wordpress\/wp-content\/uploads\/2019\/01\/buch_kickl_faschingsf\u00fchrer_2019.png 302w\" sizes=\"(max-width: 190px) 100vw, 190px\" \/><\/a>Erschienen im <span class=\"a-size-small a-color-secondary\">J\u00e4nner 2019 bei Books On Demand<\/span><\/h3>\n<p>Herrn und Menschen liebster Spa\u00df ist alleweil das rechte Gschnas.<\/p>\n<p>&#8222;Seit mehr als einem Jahr erfreut sich \u00d6sterreich einer neuen Regierung. Ganz \u00d6sterreich? Nein! Eine Gruppe von unbeugsamen \u00d6sterreicherinnen und \u00d6sterreichern h\u00f6rt nicht auf, sich an der Regierung nicht zu erfreuen.<\/p>\n<p>Egal ob man Fan von Basti, Bumsti &amp; Co, wie sie liebevoll genannt werden, ist oder eben doch nicht. Die Regierungsmannschaft inklusive parlamentarischer Anh\u00e4ngsel dient jedenfalls der Inspiration sowie der Erheiterung, zumindest wenn man Humor auch als \u00dcberlebensstrategie praktiziert.<\/p>\n<p>Manchem Fan reicht das blo\u00dfe Huldigen und der schn\u00f6de Lobgesang l\u00e4ngst nicht mehr aus. Sie wollen mehr. Sie brauchen mehr. Dabei unterst\u00fctzt dieser hier vorliegende F\u00fchrer von <a href=\"http:\/\/danielakickl.com\" target=\"_blank\" rel=\"noopener noreferrer\">Daniela Kickl<\/a>, der Erste seiner Art.&#8220;<\/p>\n<p>Mehr Informationen und eine Bestellm\u00f6glichkeit gibt es hier:<br \/>\n<a href=\"https:\/\/www.bod.de\/buchshop\/der-fuehrer-durch-den-tuerkis-blauen-fasching-daniela-kickl-9783748189442\" target=\"_blank\" rel=\"noopener noreferrer\">Books On Demand<\/a><\/p>\n<p>In diesem Buch ist das <a href=\"https:\/\/dufitoon.at\/wordpress\/2019\/01\/das-oesterreichische-narrativ\/\">Titelbild<\/a> von mir.<\/p>\n","protected":false},"excerpt":{"rendered":"<p>Erschienen im J\u00e4nner 2019 bei Books On Demand Herrn und Menschen liebster Spa\u00df ist alleweil das rechte Gschnas. &#8222;Seit mehr als einem Jahr erfreut sich \u00d6sterreich einer neuen Regierung. Ganz \u00d6sterreich? Nein! Eine Gruppe von unbeugsamen \u00d6sterreicherinnen und \u00d6sterreichern h\u00f6rt nicht auf, sich an der Regierung nicht zu erfreuen. Egal ob man Fan von Basti, &hellip; <\/p>\n<p class=\"link-more\"><a href=\"https:\/\/dufitoon.at\/wordpress\/2019\/01\/der-fuehrer-durch-den-tuerkis-blauen-fasching\/\" class=\"more-link\"><span class=\"screen-reader-text\">\u201eDer F\u00fchrer durch den t\u00fcrkis-blauen Fasching\u201c<\/span> weiterlesen<\/a><\/p>\n","protected":false},"author":1,"featured_media":0,"comment_status":"open","ping_status":"open","sticky":false,"template":"","format":"standard","meta":{"footnotes":""},"categories":[14],"tags":[],"_links":{"self":[{"href":"https:\/\/dufitoon.at\/wordpress\/wp-json\/wp\/v2\/posts\/1052"}],"collection":[{"href":"https:\/\/dufitoon.at\/wordpress\/wp-json\/wp\/v2\/posts"}],"about":[{"href":"https:\/\/dufitoon.at\/wordpress\/wp-json\/wp\/v2\/types\/post"}],"author":[{"embeddable":true,"href":"https:\/\/dufitoon.at\/wordpress\/wp-json\/wp\/v2\/users\/1"}],"replies":[{"embeddable":true,"href":"https:\/\/dufitoon.at\/wordpress\/wp-json\/wp\/v2\/comments?post=1052"}],"version-history":[{"count":11,"href":"https:\/\/dufitoon.at\/wordpress\/wp-json\/wp\/v2\/posts\/1052\/revisions"}],"predecessor-version":[{"id":1062,"href":"https:\/\/dufitoon.at\/wordpress\/wp-json\/wp\/v2\/posts\/1052\/revisions\/1062"}],"wp:attachment":[{"href":"https:\/\/dufitoon.at\/wordpress\/wp-json\/wp\/v2\/media?parent=1052"}],"wp:term":[{"taxonomy":"category","embeddable":true,"href":"https:\/\/dufitoon.at\/wordpress\/wp-json\/wp\/v2\/categories?post=1052"},{"taxonomy":"post_tag","embeddable":true,"href":"https:\/\/dufitoon.at\/wordpress\/wp-json\/wp\/v2\/tags?post=1052"}],"curies":[{"name":"wp","href":"https:\/\/api.w.org\/{rel}","templated":true}]}}