{"id":1148,"date":"2019-06-05T13:07:30","date_gmt":"2019-06-05T11:07:30","guid":{"rendered":"https:\/\/dufitoon.at\/wordpress\/?p=1148"},"modified":"2019-06-05T13:09:50","modified_gmt":"2019-06-05T11:09:50","slug":"der-fuehrer-durch-den-tuerkis-blauen-sommer","status":"publish","type":"post","link":"https:\/\/dufitoon.at\/wordpress\/2019\/06\/der-fuehrer-durch-den-tuerkis-blauen-sommer\/","title":{"rendered":"Der F\u00fchrer durch den t\u00fcrkis-blauen Sommer"},"content":{"rendered":"<h3><a href=\"https:\/\/dufitoon.at\/wordpress\/wp-content\/uploads\/2019\/06\/buch_kickl_sommerf\u00fchrer_2019.png\"><img loading=\"lazy\" decoding=\"async\" class=\"alignright wp-image-1150 size-medium\" src=\"https:\/\/dufitoon.at\/wordpress\/wp-content\/uploads\/2019\/06\/buch_kickl_sommerf\u00fchrer_2019-198x300.png\" alt=\"Der F\u00fchrer durch den t\u00fcrkis-blauen Sommer\" width=\"198\" height=\"300\" srcset=\"https:\/\/dufitoon.at\/wordpress\/wp-content\/uploads\/2019\/06\/buch_kickl_sommerf\u00fchrer_2019-198x300.png 198w, https:\/\/dufitoon.at\/wordpress\/wp-content\/uploads\/2019\/06\/buch_kickl_sommerf\u00fchrer_2019.png 258w\" sizes=\"(max-width: 198px) 100vw, 198px\" \/><\/a>Erschienen im <span class=\"a-size-small a-color-secondary\">Mai 2019 bei Books On Demand<\/span><\/h3>\n<p><span id=\"productTitle\" class=\"a-size-large\">Wir tauschen die Touristen aus und erschlie\u00dfen neue Routen<\/span><\/p>\n<p>&#8222;Seit mehr als einem Jahr erfreut sich \u00d6sterreich einer neuen Regierung. Ganz \u00d6sterreich? Nein! Eine Gruppe von unbeugsamen \u00d6sterreicherinnen und \u00d6sterreichern h\u00f6rt nicht auf, sich an der Regierung nicht zu erfreuen.<\/p>\n<p>Egal ob man Fan von Basti, Bumsti &amp; Co, wie sie liebevoll genannt werden, ist oder eben doch nicht. Die Regierungsmannschaft inklusive parlamentarischer Anh\u00e4ngsel dient jedenfalls der Inspiration sowie der Erheiterung, zumindest wenn man Humor auch als \u00dcberlebensstrategie praktiziert.<\/p>\n<p>Manchem Fan reicht das blo\u00dfe Huldigen und der schn\u00f6de Lobgesang l\u00e4ngst nicht mehr aus. Sie wollen mehr. Sie brauchen mehr. Dabei unterst\u00fctzt dieser hier vorliegende F\u00fchrer von <a href=\"http:\/\/www.danielakickl.com\">Daniela Kickl<\/a>, der erste seiner Art.&#8220;<\/p>\n<p>Mehr Informationen und eine Bestellm\u00f6glichkeit gibt es hier:<br \/>\n<a href=\"https:\/\/www.bod.de\/buchshop\/der-fuehrer-durch-den-tuerkis-blauen-sommer-daniela-kickl-9783735760425\" target=\"_blank\" rel=\"noopener noreferrer\">Books On Demand<\/a>.<\/p>\n<p>In diesem Buch ist das Titelbild von mir.<\/p>\n","protected":false},"excerpt":{"rendered":"<p>Erschienen im Mai 2019 bei Books On Demand Wir tauschen die Touristen aus und erschlie\u00dfen neue Routen &#8222;Seit mehr als einem Jahr erfreut sich \u00d6sterreich einer neuen Regierung. Ganz \u00d6sterreich? Nein! Eine Gruppe von unbeugsamen \u00d6sterreicherinnen und \u00d6sterreichern h\u00f6rt nicht auf, sich an der Regierung nicht zu erfreuen. Egal ob man Fan von Basti, Bumsti &hellip; <\/p>\n<p class=\"link-more\"><a href=\"https:\/\/dufitoon.at\/wordpress\/2019\/06\/der-fuehrer-durch-den-tuerkis-blauen-sommer\/\" class=\"more-link\"><span class=\"screen-reader-text\">\u201eDer F\u00fchrer durch den t\u00fcrkis-blauen Sommer\u201c<\/span> weiterlesen<\/a><\/p>\n","protected":false},"author":1,"featured_media":0,"comment_status":"open","ping_status":"open","sticky":false,"template":"","format":"image","meta":{"footnotes":""},"categories":[14],"tags":[],"_links":{"self":[{"href":"https:\/\/dufitoon.at\/wordpress\/wp-json\/wp\/v2\/posts\/1148"}],"collection":[{"href":"https:\/\/dufitoon.at\/wordpress\/wp-json\/wp\/v2\/posts"}],"about":[{"href":"https:\/\/dufitoon.at\/wordpress\/wp-json\/wp\/v2\/types\/post"}],"author":[{"embeddable":true,"href":"https:\/\/dufitoon.at\/wordpress\/wp-json\/wp\/v2\/users\/1"}],"replies":[{"embeddable":true,"href":"https:\/\/dufitoon.at\/wordpress\/wp-json\/wp\/v2\/comments?post=1148"}],"version-history":[{"count":3,"href":"https:\/\/dufitoon.at\/wordpress\/wp-json\/wp\/v2\/posts\/1148\/revisions"}],"predecessor-version":[{"id":1152,"href":"https:\/\/dufitoon.at\/wordpress\/wp-json\/wp\/v2\/posts\/1148\/revisions\/1152"}],"wp:attachment":[{"href":"https:\/\/dufitoon.at\/wordpress\/wp-json\/wp\/v2\/media?parent=1148"}],"wp:term":[{"taxonomy":"category","embeddable":true,"href":"https:\/\/dufitoon.at\/wordpress\/wp-json\/wp\/v2\/categories?post=1148"},{"taxonomy":"post_tag","embeddable":true,"href":"https:\/\/dufitoon.at\/wordpress\/wp-json\/wp\/v2\/tags?post=1148"}],"curies":[{"name":"wp","href":"https:\/\/api.w.org\/{rel}","templated":true}]}}