{"id":312,"date":"2013-08-01T12:00:08","date_gmt":"2013-08-01T10:00:08","guid":{"rendered":"http:\/\/dufitoon.at\/wordpress\/?p=312"},"modified":"2018-11-12T10:56:37","modified_gmt":"2018-11-12T09:56:37","slug":"claustrophobia","status":"publish","type":"post","link":"https:\/\/dufitoon.at\/wordpress\/2013\/08\/claustrophobia\/","title":{"rendered":"Claustrophobia"},"content":{"rendered":"<h3><a href=\"http:\/\/dufitoon.at\/wordpress\/wp-content\/uploads\/2018\/11\/ausstellung_claustrophobia_2013.png\"><img loading=\"lazy\" decoding=\"async\" class=\"alignright size-medium wp-image-314\" src=\"http:\/\/dufitoon.at\/wordpress\/wp-content\/uploads\/2018\/11\/ausstellung_claustrophobia_2013-212x300.png\" alt=\"Claustrophobia\" width=\"212\" height=\"300\" srcset=\"https:\/\/dufitoon.at\/wordpress\/wp-content\/uploads\/2018\/11\/ausstellung_claustrophobia_2013-212x300.png 212w, https:\/\/dufitoon.at\/wordpress\/wp-content\/uploads\/2018\/11\/ausstellung_claustrophobia_2013.png 505w\" sizes=\"(max-width: 212px) 100vw, 212px\" \/><\/a>23. August 2013 bis 31. August 2015<br \/>\nKomische K\u00fcnste, Wien<\/h3>\n<p>&#8222;Die Weltbev\u00f6lkerung steigt unaufh\u00f6rlich an, alles wird enger, auch f\u00fcr die Kunst. Deshalb er\u00f6ffnen die Komischen K\u00fcnste den &#8222;Raum 66&#8243;, die engste Galerie der Welt! Und zwar in einem nur 66 cm breiten Raum, der fr\u00fcher als Lager f\u00fcr Bilderrahmen und zum Verstecken vor dem Finanzamt verwendet wurde.&#8220;<\/p>\n<p>Mehr Informationen gibt es hier:<br \/>\n<a href=\"http:\/\/www.komischekuenste.com\/portfolio\/claustrophobia\/\" target=\"_blank\" rel=\"noopener\">Raum 66 &#8211; Die engste Galerie der Welt<\/a><\/p>\n<p>In dieser Ausstellung ist ein Cartoon von mir zu sehen.<\/p>\n","protected":false},"excerpt":{"rendered":"<p>23. August 2013 bis 31. August 2015 Komische K\u00fcnste, Wien &#8222;Die Weltbev\u00f6lkerung steigt unaufh\u00f6rlich an, alles wird enger, auch f\u00fcr die Kunst. Deshalb er\u00f6ffnen die Komischen K\u00fcnste den &#8222;Raum 66&#8243;, die engste Galerie der Welt! Und zwar in einem nur 66 cm breiten Raum, der fr\u00fcher als Lager f\u00fcr Bilderrahmen und zum Verstecken vor dem &hellip; <\/p>\n<p class=\"link-more\"><a href=\"https:\/\/dufitoon.at\/wordpress\/2013\/08\/claustrophobia\/\" class=\"more-link\"><span class=\"screen-reader-text\">\u201eClaustrophobia\u201c<\/span> weiterlesen<\/a><\/p>\n","protected":false},"author":1,"featured_media":0,"comment_status":"open","ping_status":"open","sticky":false,"template":"","format":"standard","meta":{"footnotes":""},"categories":[15],"tags":[],"_links":{"self":[{"href":"https:\/\/dufitoon.at\/wordpress\/wp-json\/wp\/v2\/posts\/312"}],"collection":[{"href":"https:\/\/dufitoon.at\/wordpress\/wp-json\/wp\/v2\/posts"}],"about":[{"href":"https:\/\/dufitoon.at\/wordpress\/wp-json\/wp\/v2\/types\/post"}],"author":[{"embeddable":true,"href":"https:\/\/dufitoon.at\/wordpress\/wp-json\/wp\/v2\/users\/1"}],"replies":[{"embeddable":true,"href":"https:\/\/dufitoon.at\/wordpress\/wp-json\/wp\/v2\/comments?post=312"}],"version-history":[{"count":1,"href":"https:\/\/dufitoon.at\/wordpress\/wp-json\/wp\/v2\/posts\/312\/revisions"}],"predecessor-version":[{"id":315,"href":"https:\/\/dufitoon.at\/wordpress\/wp-json\/wp\/v2\/posts\/312\/revisions\/315"}],"wp:attachment":[{"href":"https:\/\/dufitoon.at\/wordpress\/wp-json\/wp\/v2\/media?parent=312"}],"wp:term":[{"taxonomy":"category","embeddable":true,"href":"https:\/\/dufitoon.at\/wordpress\/wp-json\/wp\/v2\/categories?post=312"},{"taxonomy":"post_tag","embeddable":true,"href":"https:\/\/dufitoon.at\/wordpress\/wp-json\/wp\/v2\/tags?post=312"}],"curies":[{"name":"wp","href":"https:\/\/api.w.org\/{rel}","templated":true}]}}